{"id":5394,"date":"2025-12-07T20:35:15","date_gmt":"2025-12-07T20:35:15","guid":{"rendered":"https:\/\/assegurancescastellar.com\/?p=5394"},"modified":"2025-12-21T18:33:37","modified_gmt":"2025-12-21T18:33:37","slug":"baixa-medica-autonoms","status":"publish","type":"post","link":"https:\/\/assegurancescastellar.com\/ca\/blog\/baixa-medica-autonoms\/","title":{"rendered":"Baja M\u00e9dica en Aut\u00f3nomos: Qu\u00e9 cubre y Cu\u00e1nto se cobra"},"content":{"rendered":"<div class=\"wpb-content-wrapper\"><div class=\"vc_row wpb_row vc_row-fluid wpex-relative\"><div class=\"wpb_column vc_column_container vc_col-sm-12\"><div class=\"vc_column-inner\"><div class=\"wpb_wrapper\">\n\t<div class=\"wpb_text_column wpb_content_element\" >\n\t\t<div class=\"wpb_wrapper\">\n\t\t\t<p>Un aut\u00f3nomo cobra entre un 60% y un 75% de su base reguladora cuando est\u00e1 de baja m\u00e9dica, un importe que suele quedarse corto para cubrir gastos y mantener ingresos. Por eso muchos profesionales contratan un <strong>seguro de incapacidad laboral temporal (ILT)<\/strong> que garantiza una <strong>renta diaria<\/strong> durante el tiempo que no pueden trabajar. En esta gu\u00eda explico cu\u00e1nto se cobra, qu\u00e9 cubre la baja y cu\u00e1ndo conviene asegurar ingresos con un seguro ILT para evitar p\u00e9rdidas econ\u00f3micas.<\/p>\n\n\t\t<\/div>\n\t<\/div>\n<\/div><\/div><\/div><\/div><div class=\"vc_row wpb_row vc_row-fluid wpex-relative\"><div class=\"wpb_column vc_column_container vc_col-sm-12\"><div class=\"vc_column-inner\"><div class=\"wpb_wrapper\">\n\t<div class=\"wpb_text_column wpb_content_element\" >\n\t\t<div class=\"wpb_wrapper\">\n\t\t\t<h2>\u00bfQu\u00e9 es un seguro de baja laboral para aut\u00f3nomos y c\u00f3mo funciona?<\/h2>\n<p>Una <a href=\"https:\/\/assegurancescastellar.com\/ca\/assegurances-autonoms\/asseguranca-baixa-laboral-autonoms\/\"><strong>seguro de baja laboral para aut\u00f3nomos<\/strong><\/a> (tambi\u00e9n llamado <strong>seguro de ILT \u2014 Incapacidad Laboral Temporal<\/strong>) es una p\u00f3liza que paga una cuant\u00eda diaria cuando, como aut\u00f3nomo, no puedes ejercer tu actividad por motivos m\u00e9dicos.<\/p>\n<p>C\u00f3mo funciona, explicado simple:<\/p>\n<ul>\n<li>El aut\u00f3nomo sufre <strong>enfermedad<\/strong> o <strong>accidente<\/strong>.<\/li>\n<li>Un m\u00e9dico emite el parte de baja.<\/li>\n<li>Se comunica a la aseguradora (por app, tel\u00e9fono o web).<\/li>\n<li>La aseguradora valida la documentaci\u00f3n.<\/li>\n<li>Se activa el <strong>pago diario<\/strong> en funci\u00f3n del capital contratado (por ejemplo, 30, 50 o 80 \u20ac\/d\u00eda).<\/li>\n<li>El aut\u00f3nomo<strong> recibe el dinero mientras dure la baja<\/strong>, hasta el l\u00edmite pactado.<\/li>\n<\/ul>\n<h3>Por qu\u00e9 es tan \u00fatil para un aut\u00f3nomo<\/h3>\n<p>La prestaci\u00f3n p\u00fablica por baja ronda el 60 % de la base y llega tarde.<br \/>\nUna <strong>seguro privado<\/strong> permite cubrir:<\/p>\n<ul>\n<li>Cuota de aut\u00f3nomos<\/li>\n<li>Alquiler del local o despacho<\/li>\n<li>Gastos fijos<\/li>\n<li>Hipoteca, suministros o facturas personales<\/li>\n<\/ul>\n<p>En resumen: te asegura liquidez cuando no puedes trabajar.<\/p>\n\n\t\t<\/div>\n\t<\/div>\n<\/div><\/div><\/div><\/div><div class=\"vc_row wpb_row vc_row-fluid wpex-py-60 wpex-surface-2 vc_row-o-content-middle vc_row-flex wpex-relative wpex-vc_row-has-fill no-bottom-margins wpex-vc-reset-negative-margin\"><div class=\"wpb_column vc_column_container vc_col-sm-12\"><div class=\"vc_column-inner\"><div class=\"wpb_wrapper\"><style>.vcex-heading.vcex_69edfd3094563{width:600px;font-size:var(--wpex-text-5xl);font-weight:700;}<\/style><span class=\"vcex-heading vcex-heading-plain vcex-module wpex-heading wpex-text-2xl wpex-mb-20 wpex-text-center wpex-max-w-100 wpex-mx-auto vcex_69edfd3094563\"><span class=\"vcex-heading-inner wpex-inline-block\">Protege tus ingresos desde hoy mismo<\/span><\/span>\n\t<div style=\"text-align:center;width:600px;margin-bottom:30px;\" class=\"wpb_text_column wpex-max-w-100 wpex-mx-auto wpb_content_element\" >\n\t\t<div class=\"wpb_wrapper\">\n\t\t\t<p>La tranquilidad de no tener que preocuparte si tu situaci\u00f3n cambia.<\/p>\n\n\t\t<\/div>\n\t<\/div>\n<style>.vcex-button.vcex_69edfd3094d1e{border-radius:4px;padding-block:12px;padding-inline:25px;border-width:0px;font-size:var(--wpex-text-sm);font-weight:700;text-transform:uppercase;letter-spacing:var(--wpex-tracking-widest);}<\/style><div class=\"theme-button-wrap textcenter wpex-clr\"><a href=\"#\" class=\"vcex-button theme-button align-center inline vcex_69edfd3094d1e\"><span class=\"vcex-button-inner theme-button-inner wpex-flex wpex-flex-wrap wpex-items-center wpex-justify-center\">SOLICITAR PRESUPUESTO<\/span><\/a><\/div> <\/div><\/div><\/div><\/div><div class=\"vc_row wpb_row vc_row-fluid wpex-relative\"><div class=\"wpb_column vc_column_container vc_col-sm-12\"><div class=\"vc_column-inner\"><div class=\"wpb_wrapper\">\n\t<div class=\"wpb_text_column wpb_content_element\" >\n\t\t<div class=\"wpb_wrapper\">\n\t\t\t<h2><b>Qu\u00e8 cobreix una asseguran\u00e7a de baixa laboral per a aut\u00f2noms?<\/b><\/h2>\n<p>Una <b>seguro de baja laboral<\/b> cubre el pago de una indemnizaci\u00f3n diaria cuando no puedes trabajar por motivos m\u00e9dicos. La cobertura puede variar seg\u00fan la aseguradora, pero en general incluye tres \u00e1reas clave: <b>enfermedad<\/b>, <b>accidente<\/b> i <b>hospitalizaci\u00f3n<\/b>.<\/p>\n<h3><b>Enfermedad com\u00fan<\/b><\/h3>\n<p>Cubre cualquier enfermedad que te impida desarrollar tu actividad profesional: gripe fuerte, infecciones, dolores incapacitantes, afecciones gastrointestinales, etc.<br \/>\nEs la cobertura m\u00e1s utilizada en aut\u00f3nomos porque es la que m\u00e1s bajas genera.<\/p>\n<h3><b>Accidente laboral o no laboral<\/b><\/h3>\n<p>Incluye accidentes que ocurren trabajando (por ejemplo, una lesi\u00f3n manipulando maquinaria) o en tu vida personal (una ca\u00edda, un esguince, un corte).<br \/>\nSi el accidente provoca baja m\u00e9dica, <b>se activa la indemnizaci\u00f3n desde el primer d\u00eda<\/b>, dependiendo de la modalidad contratada.<\/p>\n<h3><b>Hospitalizaci\u00f3n<\/b><\/h3>\n<p>Si necesitas ingreso hospitalario, muchas p\u00f3lizas pagan un suplemento diario adicional.<br \/>\nEs \u00fatil en enfermedades de recuperaci\u00f3n lenta o intervenciones quir\u00fargicas.<\/p>\n<h3><b>Cuant\u00eda diaria garantizada<\/b><\/h3>\n<p>Es el <b>importe que recibir\u00e1s por cada d\u00eda de baja<\/b>, elegido en el momento de contratar la p\u00f3liza:<br \/>\n20 \u20ac\/d\u00eda, 40 \u20ac\/d\u00eda, 60 \u20ac\/d\u00eda, 80 \u20ac\/d\u00eda\u2026<br \/>\nCuanto mayor sea la cuant\u00eda, mayor ser\u00e1 la <b>prima mensual<\/b>, pero tambi\u00e9n mayor la protecci\u00f3n.<\/p>\n\n\t\t<\/div>\n\t<\/div>\n\n\t<div class=\"wpb_text_column wpb_content_element\" >\n\t\t<div class=\"wpb_wrapper\">\n\t\t\t<h2><b>\u00bfQu\u00e9 NO suele cubrir un seguro de ILT?<\/b><\/h2>\n<p>Para evitar confusiones y reclamaciones, conviene tener claras las exclusiones t\u00edpicas:<\/p>\n<h3><b>\u25ba Enfermedades preexistentes o no declaradas<\/b><\/h3>\n<p>Si ya exist\u00eda antes de contratar el seguro y no se inform\u00f3, no estar\u00e1 cubierta.<\/p>\n<h3><b>\u25ba Bajas sin parte m\u00e9dico o incapacidad no justificada<\/b><\/h3>\n<p>Las aseguradoras act\u00faan con rigor: si no hay evidencia m\u00e9dica, no se activa la indemnizaci\u00f3n.<\/p>\n<h3><b>\u25ba Lesiones por imprudencia grave<\/b><\/h3>\n<p><em>Ejemplo:<\/em> conducir bajo efectos del alcohol o drogas.<\/p>\n<h3><b>\u25ba Enfermedades cr\u00f3nicas descompensadas<\/b><\/h3>\n<p>En algunos productos, si una enfermedad cr\u00f3nica ya estaba diagnosticada y genera bajas recurrentes, puede estar limitada.<\/p>\n<h3><b>\u25ba Periodos de carencia<\/b><\/h3>\n<p>Algunas aseguradoras aplican una <b>carencia<\/b> (30\u201360 d\u00edas) desde la contrataci\u00f3n para evitar fraudes en enfermedades comunes.<\/p>\n\n\t\t<\/div>\n\t<\/div>\n<\/div><\/div><\/div><\/div><div class=\"vc_row wpb_row vc_row-fluid wpex-relative\"><div class=\"wpb_column vc_column_container vc_col-sm-12\"><div class=\"vc_column-inner\"><div class=\"wpb_wrapper\"><div class=\"vcex-module wpex-alert wpex-alert-info\"><p>Un seguro de baja laboral <strong data-start=\"2531\" data-end=\"2569\">s\u00ed cubre enfermedades y accidentes<\/strong>, con pago diario mientras no puedas trabajar, pero <strong data-start=\"2621\" data-end=\"2670\">no cubre situaciones sin justificaci\u00f3n m\u00e9dica<\/strong>, enfermedades previas no declaradas o situaciones derivadas de imprudencia.<\/p>\n<\/div><\/div><\/div><\/div><\/div><div class=\"vc_row wpb_row vc_row-fluid wpex-py-60 wpex-surface-2 vc_row-o-content-middle vc_row-flex wpex-relative wpex-vc_row-has-fill no-bottom-margins wpex-vc-reset-negative-margin\"><div class=\"wpb_column vc_column_container vc_col-sm-12\"><div class=\"vc_column-inner\"><div class=\"wpb_wrapper\"><style>.vcex-heading.vcex_69edfd30961bf{width:600px;font-size:var(--wpex-text-5xl);font-weight:700;}<\/style><span class=\"vcex-heading vcex-heading-plain vcex-module wpex-heading wpex-text-2xl wpex-mb-20 wpex-text-center wpex-max-w-100 wpex-mx-auto vcex_69edfd30961bf\"><span class=\"vcex-heading-inner wpex-inline-block\">Protege tus ingresos desde hoy mismo<\/span><\/span>\n\t<div style=\"text-align:center;width:600px;margin-bottom:30px;\" class=\"wpb_text_column wpex-max-w-100 wpex-mx-auto wpb_content_element\" >\n\t\t<div class=\"wpb_wrapper\">\n\t\t\t<p>La tranquilidad de no tener que preocuparte si tu situaci\u00f3n cambia.<\/p>\n\n\t\t<\/div>\n\t<\/div>\n<style>.vcex-button.vcex_69edfd3096897{border-radius:4px;padding-block:12px;padding-inline:25px;border-width:0px;font-size:var(--wpex-text-sm);font-weight:700;text-transform:uppercase;letter-spacing:var(--wpex-tracking-widest);}<\/style><div class=\"theme-button-wrap textcenter wpex-clr\"><a href=\"#\" class=\"vcex-button theme-button align-center inline vcex_69edfd3096897\"><span class=\"vcex-button-inner theme-button-inner wpex-flex wpex-flex-wrap wpex-items-center wpex-justify-center\">SOLICITAR PRESUPUESTO<\/span><\/a><\/div> <\/div><\/div><\/div><\/div><div class=\"vc_row wpb_row vc_row-fluid wpex-relative\"><div class=\"wpb_column vc_column_container vc_col-sm-12\"><div class=\"vc_column-inner\"><div class=\"wpb_wrapper\">\n\t<div  class=\"wpb_single_image wpb_content_element vc_align_ wpb_content_element vc_custom_1765140382038\">\n\t\t\n\t\t<figure class=\"wpb_wrapper vc_figure\">\n\t\t\t<div class=\"vc_single_image-wrapper   vc_box_border_grey\"><img width=\"1600\" height=\"1067\" src=\"https:\/\/assegurancescastellar.com\/wp-content\/uploads\/2025\/12\/contratar-seguro-baja-laboral-autonomo.jpg\" class=\"vc_single_image-img attachment-full\" alt=\"contratar seguro baja laboral autonomo\" title=\"contratar seguro baja laboral autonomo\" srcset=\"https:\/\/assegurancescastellar.com\/wp-content\/uploads\/2025\/12\/contratar-seguro-baja-laboral-autonomo.jpg 1600w, https:\/\/assegurancescastellar.com\/wp-content\/uploads\/2025\/12\/contratar-seguro-baja-laboral-autonomo-500x333.jpg 500w, https:\/\/assegurancescastellar.com\/wp-content\/uploads\/2025\/12\/contratar-seguro-baja-laboral-autonomo-1200x800.jpg 1200w, https:\/\/assegurancescastellar.com\/wp-content\/uploads\/2025\/12\/contratar-seguro-baja-laboral-autonomo-300x200.jpg 300w, https:\/\/assegurancescastellar.com\/wp-content\/uploads\/2025\/12\/contratar-seguro-baja-laboral-autonomo-768x512.jpg 768w, https:\/\/assegurancescastellar.com\/wp-content\/uploads\/2025\/12\/contratar-seguro-baja-laboral-autonomo-1536x1024.jpg 1536w\" sizes=\"(max-width: 1600px) 100vw, 1600px\" \/><\/div>\n\t\t<\/figure>\n\t<\/div>\n\n\t<div class=\"wpb_text_column wpb_content_element\" >\n\t\t<div class=\"wpb_wrapper\">\n\t\t\t<h2><b>Quant costa una asseguran\u00e7a de baixa laboral per a aut\u00f2noms?<\/b><\/h2>\n<p>El <b>precio<\/b> de un seguro de baja laboral para aut\u00f3nomos var\u00eda seg\u00fan la cuant\u00eda diaria contratada, la edad y el tipo de actividad profesional. En la mayor\u00eda de aseguradoras, el coste se mueve entre <b>20 \u20ac y 60 \u20ac al mes<\/b>, aunque puede ser superior si se elige una indemnizaci\u00f3n alta o un perfil de riesgo elevado.<\/p>\n<h3><b>Factores que determinan el precio<\/b><\/h3>\n<h4><b>Cuant\u00eda diaria contratada<\/b><\/h4>\n<p>Cuanto m\u00e1s quieras cobrar por d\u00eda de baja, mayor ser\u00e1 la prima mensual.<br \/>\nEjemplo orientativo:<\/p>\n\n\t\t<\/div>\n\t<\/div>\n\n\t<div class=\"wpb_text_column wpb_content_element vc_custom_1765140430155\" >\n\t\t<div class=\"wpb_wrapper\">\n\t\t\t<table class=\"tabla-indemnizacion\">\n<thead>\n<tr>\n<th>Indemnizaci\u00f3n diaria<\/th>\n<th>Precio aproximado<\/th>\n<\/tr>\n<\/thead>\n<tbody>\n<tr>\n<td>20 \u20ac\/d\u00eda<\/td>\n<td>18\u201325 \u20ac\/mes<\/td>\n<\/tr>\n<tr>\n<td>40 \u20ac\/d\u00eda<\/td>\n<td>28\u201340 \u20ac\/mes<\/td>\n<\/tr>\n<tr>\n<td>60 \u20ac\/d\u00eda<\/td>\n<td>40\u201360 \u20ac\/mes<\/td>\n<\/tr>\n<tr>\n<td>80 \u20ac\/d\u00eda<\/td>\n<td>55\u201375 \u20ac\/mes<\/td>\n<\/tr>\n<\/tbody>\n<\/table>\n\n\t\t<\/div>\n\t<\/div>\n\n\t<div class=\"wpb_text_column wpb_content_element\" >\n\t\t<div class=\"wpb_wrapper\">\n\t\t\t<p><i>(Valores orientativos basados en productos habituales del mercado.)<\/i><\/p>\n<h4><b>Edad del aut\u00f3nomo<\/b><\/h4>\n<p>A mayor edad, mayor probabilidad de baja \u2192 precio algo m\u00e1s alto.<\/p>\n<h4><b>Professi\u00f3<\/b><\/h4>\n<p>Las profesiones con riesgo f\u00edsico (instaladores, repartidores, pintores, transportistas\u2026) pagan m\u00e1s que profesiones administrativas o digitales.<\/p>\n<h4><b>Modalidad de cobertura<\/b><\/h4>\n<ul>\n<li aria-level=\"1\">Con hospitalizaci\u00f3n \u2192 precio m\u00e1s alto<\/li>\n<li aria-level=\"1\">Sin carencias \u2192 precio m\u00e1s alto<\/li>\n<li aria-level=\"1\">Pago desde el primer d\u00eda \u2192 precio m\u00e1s alto<\/li>\n<\/ul>\n\n\t\t<\/div>\n\t<\/div>\n\n\t<div class=\"wpb_text_column wpb_content_element\" >\n\t\t<div class=\"wpb_wrapper\">\n\t\t\t<h3><b>Ejemplo realista para un aut\u00f3nomo est\u00e1ndar<\/b><\/h3>\n<p>Un aut\u00f3nomo de 35\u201345 a\u00f1os que contrata 40 \u20ac\/d\u00eda suele pagar: <b>entre 32 y 45 \u20ac\/mes<\/b><\/p>\n<p>Es una p\u00f3liza accesible y proporcional al beneficio: recibir\u00edas <b>1.200 \u20ac\/mes<\/b> si la baja se alarga.<\/p>\n<h3><b>\u00bfPor qu\u00e9 conviene a un aut\u00f3nomo aunque tenga Seguridad Social?<\/b><\/h3>\n<p>Porque la prestaci\u00f3n p\u00fablica:<\/p>\n<ul>\n<li aria-level=\"1\">Tarda en llegar<\/li>\n<li aria-level=\"1\">No cubre al 100 %<\/li>\n<li aria-level=\"1\">Depende de tu base de cotizaci\u00f3n<\/li>\n<li aria-level=\"1\">No cubre gastos fijos del negocio<\/li>\n<\/ul>\n<p>Un seguro privado garantiza un <b>ingreso estable<\/b> desde el primer momento.<\/p>\n\n\t\t<\/div>\n\t<\/div>\n\n\t<div class=\"wpb_text_column wpb_content_element\" >\n\t\t<div class=\"wpb_wrapper\">\n\t\t\t<h2><b>\u00bfCu\u00e1nto paga un seguro de baja laboral?<\/b><\/h2>\n<p>Un seguro de baja laboral paga una <b>indemnizaci\u00f3n diaria<\/b> mientras est\u00e9s de baja m\u00e9dica. El importe lo eliges t\u00fa al contratar la p\u00f3liza y suele oscilar entre <b>20 y 80 euros al d\u00eda<\/b>, aunque algunas aseguradoras permiten cantidades superiores.<\/p>\n<h3><b>C\u00f3mo funciona el pago diario<\/b><\/h3>\n<p>El seguro te paga:<\/p>\n<p>\u2714\ufe0f <b>Cada d\u00eda que est\u00e9s de baja<\/b><b><br \/>\n<\/b> \u2714\ufe0f Hasta el m\u00e1ximo establecido en la p\u00f3liza (por ejemplo, 365 d\u00edas)<br \/>\n\u2714\ufe0f Tras validar el parte m\u00e9dico y la documentaci\u00f3n necesaria<\/p>\n<p>La cuant\u00eda es fija: si contratas 50 \u20ac\/d\u00eda, cobrar\u00e1s <b>50 \u20ac por cada d\u00eda de baja<\/b>, <u>sin importar tu facturaci\u00f3n<\/u>.<\/p>\n\n\t\t<\/div>\n\t<\/div>\n\n\t<div class=\"wpb_text_column wpb_content_element\" >\n\t\t<div class=\"wpb_wrapper\">\n\t\t\t<h2><b>Ejemplos pr\u00e1cticos<\/b><\/h2>\n<h3><b>Ejemplo 1 \u2014 Baja de 15 d\u00edas con 40 \u20ac\/d\u00eda<\/b><\/h3>\n<p>Cobras:<br \/>\n<b>15 \u00d7 40 \u20ac = 600 \u20ac<\/b><\/p>\n<h3><b>Ejemplo 2 \u2014 Baja de 45 d\u00edas con 60 \u20ac\/d\u00eda<\/b><\/h3>\n<p>Cobras:<br \/>\n<b>45 \u00d7 60 \u20ac = 2.700 \u20ac<\/b><\/p>\n<h3><b>Ejemplo 3 \u2014 Baja de 90 d\u00edas con 30 \u20ac\/d\u00eda<\/b><\/h3>\n<p>Cobras:<br \/>\n<b>90 \u00d7 30 \u20ac = 2.700 \u20ac<\/b><\/p>\n<p>Esto permite cubrir gastos fijos como:<\/p>\n<ul>\n<li aria-level=\"1\">Alquiler del local<\/li>\n<li aria-level=\"1\">Cuota de aut\u00f3nomos<\/li>\n<li aria-level=\"1\">Facturas recurrentes<\/li>\n<li aria-level=\"1\">Hipoteca o alquiler personal<\/li>\n<\/ul>\n\n\t\t<\/div>\n\t<\/div>\n\n\t<div class=\"wpb_text_column wpb_content_element\" >\n\t\t<div class=\"wpb_wrapper\">\n\t\t\t<h3><b>\u00bfCu\u00e1ndo empieza a pagarse?<\/b><\/h3>\n<p>Depende del producto contratado:<\/p>\n<ul>\n<li aria-level=\"1\"><b>Pago desde el primer d\u00eda<\/b> (m\u00e1s caro)<\/li>\n<li aria-level=\"1\"><b>Pago desde el d\u00eda 3, 7 o 15<\/b> (m\u00e1s econ\u00f3mico)<\/li>\n<\/ul>\n<p>Cuanto antes comience el pago, mayor es el coste mensual.<\/p>\n<h3><b>\u00bfSe puede cobrar junto a la baja de la Seguridad Social?<\/b><\/h3>\n<p>S\u00ed. El seguro privado no interfiere con la prestaci\u00f3n p\u00fablica. Puedes cobrar <b>ambos<\/b> sin problema.<\/p>\n\n\t\t<\/div>\n\t<\/div>\n\n\t<div class=\"wpb_text_column wpb_content_element\" >\n\t\t<div class=\"wpb_wrapper\">\n\t\t\t<h2><b>L'Asseguran\u00e7a de ILT cobreix malaltia?<\/b><\/h2>\n<p>S\u00ed. El seguro de <b>Incapacidad Laboral Temporal (ILT)<\/b> cubre pr\u00e1cticamente cualquier <b>enfermedad com\u00fan<\/b> que te impida trabajar como aut\u00f3nomo. Desde infecciones y gripes fuertes hasta problemas musculares, migra\u00f1as incapacitantes o trastornos digestivos, siempre que exista un <b>parte m\u00e9dico de baja<\/b> que justifique la incapacidad. La enfermedad es, de hecho, el motivo m\u00e1s habitual por el que un aut\u00f3nomo solicita la indemnizaci\u00f3n diaria.<\/p>\n<p>La aseguradora eval\u00faa el diagn\u00f3stico, confirma que la patolog\u00eda realmente limita tu capacidad laboral y, una vez validado, empieza a pagarte la cuant\u00eda diaria contratada. En enfermedades de recuperaci\u00f3n lenta \u2014como hernias, neumon\u00edas, afecciones respiratorias o patolog\u00edas que requieren reposo prolongado\u2014 el seguro act\u00faa como un colch\u00f3n fundamental para mantener tu econom\u00eda estable. Esta cobertura resulta especialmente importante porque la baja por enfermedad en el sistema p\u00fablico suele pagarse tarde y no siempre compensa los gastos fijos del negocio.<\/p>\n\n\t\t<\/div>\n\t<\/div>\n\n\t<div class=\"wpb_text_column wpb_content_element\" >\n\t\t<div class=\"wpb_wrapper\">\n\t\t\t<h2 data-start=\"216\" data-end=\"292\"><strong data-start=\"220\" data-end=\"292\">\u00bfCu\u00e1l es el mejor seguro de baja laboral para aut\u00f3nomos?<\/strong><\/h2>\n<p data-start=\"294\" data-end=\"790\">No existe un \u201cmejor\u201d seguro de baja laboral v\u00e1lido para todos los aut\u00f3nomos, porque cada profesional tiene necesidades, riesgos y niveles de ingresos diferentes. Lo importante es elegir una p\u00f3liza que se adapte a tu actividad, que pague sin trabas cuando realmente lo necesitas y que ofrezca una buena relaci\u00f3n entre indemnizaci\u00f3n y prima mensual. A partir de ah\u00ed, hay aseguradoras que destacan por su rapidez de gesti\u00f3n, otras por sus coberturas sin carencias y otras por precios m\u00e1s accesibles.<\/p>\n<p data-start=\"792\" data-end=\"1280\">En l\u00edneas generales, las opciones m\u00e1s interesantes son las que permiten <strong data-start=\"864\" data-end=\"892\">elegir el importe diario<\/strong>, ajustar las <strong data-start=\"906\" data-end=\"919\">carencias<\/strong> y activar el <strong data-start=\"933\" data-end=\"961\">pago desde el primer d\u00eda<\/strong> en caso de accidente. Tambi\u00e9n conviene valorar si la aseguradora ofrece un proceso \u00e1gil para comunicar la baja, porque muchos aut\u00f3nomos prefieren gestionar todo por app o por WhatsApp sin llamadas interminables ni papeleo. La facilidad en la tramitaci\u00f3n marca la diferencia cuando est\u00e1s enfermo o limitado f\u00edsicamente.<\/p>\n<p data-start=\"1282\" data-end=\"1352\">A la hora de decidir, lo recomendable es comparar p\u00f3lizas revisando:<\/p>\n<ul data-start=\"1353\" data-end=\"1582\">\n<li data-start=\"1353\" data-end=\"1396\">\n<p data-start=\"1355\" data-end=\"1396\">qu\u00e9 importe recibir\u00edas por d\u00eda de baja,<\/p>\n<\/li>\n<li data-start=\"1397\" data-end=\"1444\">\n<p data-start=\"1399\" data-end=\"1444\">si existe carencia en enfermedades comunes,<\/p>\n<\/li>\n<li data-start=\"1445\" data-end=\"1492\">\n<p data-start=\"1447\" data-end=\"1492\">c\u00f3mo gestionan las bajas de corta duraci\u00f3n,<\/p>\n<\/li>\n<li data-start=\"1493\" data-end=\"1525\">\n<p data-start=\"1495\" data-end=\"1525\">si incluyen hospitalizaci\u00f3n,<\/p>\n<\/li>\n<li data-start=\"1526\" data-end=\"1582\">\n<p data-start=\"1528\" data-end=\"1582\">y si el precio encaja con tu nivel actual de ingresos.<\/p>\n<\/li>\n<\/ul>\n<p data-start=\"1584\" data-end=\"1739\">As\u00ed, el \u201cmejor seguro\u201d no es el m\u00e1s barato ni el que m\u00e1s paga, sino el que protege tu actividad sin complicaciones y se ajusta a tu realidad como aut\u00f3nomo.<\/p>\n\n\t\t<\/div>\n\t<\/div>\n<\/div><\/div><\/div><\/div><div class=\"vc_row wpb_row vc_row-fluid wpex-relative\"><div class=\"wpb_column vc_column_container vc_col-sm-12\"><div class=\"vc_column-inner\"><div class=\"wpb_wrapper\"><div class=\"vcex-toggle-group vcex-toggle-group--w-borders vcex-module wpex-mx-auto\" data-vcex-accordion=\"1\"><div class=\"vcex-toggle vcex-module\" data-animate=\"true\" data-duration=\"300\"><div class=\"vcex-toggle__heading\"><a href=\"#cundo-empieza-a-pagarse-un-seguro-de-baja-laboral-para-autnomos\" class=\"vcex-toggle__trigger wpex-transition-colors wpex-flex wpex-items-center wpex-gap-10\" aria-expanded=\"false\" aria-controls=\"cundo-empieza-a-pagarse-un-seguro-de-baja-laboral-para-autnomos\"><div class=\"vcex-toggle__icon wpex-flex wpex-items-center wpex-justify-center\" aria-hidden=\"true\"><div class=\"vcex-toggle__icon-open wpex-flex wpex-flex-col wpex-items-center\"><svg xmlns=\"http:\/\/www.w3.org\/2000\/svg\" height=\"1.5em\" viewbox=\"0 0 24 24\" width=\"1.5em\" fill=\"currentColor\" class=\"vcex-toggle__icon-open\"><path d=\"M0 0h24v24H0V0z\" fill=\"none\"\/><path d=\"M19 13h-6v6h-2v-6H5v-2h6V5h2v6h6v2z\"\/><\/svg><\/div><div class=\"vcex-toggle__icon-close wpex-flex wpex-flex-col wpex-items-center\"><svg xmlns=\"http:\/\/www.w3.org\/2000\/svg\" height=\"1.5em\" viewbox=\"0 0 24 24\" width=\"1.5em\" fill=\"currentColor\" class=\"vcex-toggle__icon-close\"><path d=\"M0 0h24v24H0V0z\" fill=\"none\"\/><path d=\"M19 13H5v-2h14v2z\"\/><\/svg><\/div><\/div><h3 class=\"vcex-toggle__title\">\u00bfCu\u00e1ndo empieza a pagarse un seguro de baja laboral para aut\u00f3nomos?<\/h3><\/a><\/div><div id=\"cundo-empieza-a-pagarse-un-seguro-de-baja-laboral-para-autnomos\" class=\"vcex-toggle__content wpex-clr wpex-last-mb-0 wpex-my-10\"><p>Depende de la modalidad contratada. Algunas p\u00f3lizas empiezan a pagar desde el primer d\u00eda en caso de accidente, mientras que en enfermedades comunes suelen aplicarse carencias o periodos de espera de 3, 7 o 15 d\u00edas. Esto significa que no todos los d\u00edas de baja generan indemnizaci\u00f3n. Si quieres cobrar desde el primer d\u00eda ante cualquier causa, debes elegir una modalidad sin carencias, aunque tendr\u00e1 un precio m\u00e1s alto. Revisar este punto es clave para evitar sorpresas cuando realmente necesites activar el seguro.<\/p>\n<\/div><\/div> <div class=\"vcex-toggle vcex-module\" data-animate=\"true\" data-duration=\"300\"><div class=\"vcex-toggle__heading\"><a href=\"#puedo-cobrar-el-seguro-de-baja-laboral-y-la-prestacin-de-la-seguridad-social-al-mismo-tiempo\" class=\"vcex-toggle__trigger wpex-transition-colors wpex-flex wpex-items-center wpex-gap-10\" aria-expanded=\"false\" aria-controls=\"puedo-cobrar-el-seguro-de-baja-laboral-y-la-prestacin-de-la-seguridad-social-al-mismo-tiempo\"><div class=\"vcex-toggle__icon wpex-flex wpex-items-center wpex-justify-center\" aria-hidden=\"true\"><div class=\"vcex-toggle__icon-open wpex-flex wpex-flex-col wpex-items-center\"><svg xmlns=\"http:\/\/www.w3.org\/2000\/svg\" height=\"1.5em\" viewbox=\"0 0 24 24\" width=\"1.5em\" fill=\"currentColor\" class=\"vcex-toggle__icon-open\"><path d=\"M0 0h24v24H0V0z\" fill=\"none\"\/><path d=\"M19 13h-6v6h-2v-6H5v-2h6V5h2v6h6v2z\"\/><\/svg><\/div><div class=\"vcex-toggle__icon-close wpex-flex wpex-flex-col wpex-items-center\"><svg xmlns=\"http:\/\/www.w3.org\/2000\/svg\" height=\"1.5em\" viewbox=\"0 0 24 24\" width=\"1.5em\" fill=\"currentColor\" class=\"vcex-toggle__icon-close\"><path d=\"M0 0h24v24H0V0z\" fill=\"none\"\/><path d=\"M19 13H5v-2h14v2z\"\/><\/svg><\/div><\/div><h3 class=\"vcex-toggle__title\">\u00bfPuedo cobrar el seguro de baja laboral y la prestaci\u00f3n de la Seguridad Social al mismo tiempo?<\/h3><\/a><\/div><div id=\"puedo-cobrar-el-seguro-de-baja-laboral-y-la-prestacin-de-la-seguridad-social-al-mismo-tiempo\" class=\"vcex-toggle__content wpex-clr wpex-last-mb-0 wpex-my-10\"><p>S\u00ed. El seguro privado no sustituye la prestaci\u00f3n p\u00fablica, sino que la complementa. Puedes cobrar la prestaci\u00f3n de la Seguridad Social correspondiente a tu base de cotizaci\u00f3n y, adem\u00e1s, la indemnizaci\u00f3n diaria del seguro de ILT que tengas contratado. Esta combinaci\u00f3n es lo que permite a muchos aut\u00f3nomos mantener su actividad y cubrir sus gastos fijos cuando no pueden trabajar por motivos m\u00e9dicos.<\/p>\n<\/div><\/div> <div class=\"vcex-toggle vcex-module\" data-animate=\"true\" data-duration=\"300\"><div class=\"vcex-toggle__heading\"><a href=\"#qu-documentacin-pide-la-aseguradora-para-tramitar-la-baja\" class=\"vcex-toggle__trigger wpex-transition-colors wpex-flex wpex-items-center wpex-gap-10\" aria-expanded=\"false\" aria-controls=\"qu-documentacin-pide-la-aseguradora-para-tramitar-la-baja\"><div class=\"vcex-toggle__icon wpex-flex wpex-items-center wpex-justify-center\" aria-hidden=\"true\"><div class=\"vcex-toggle__icon-open wpex-flex wpex-flex-col wpex-items-center\"><svg xmlns=\"http:\/\/www.w3.org\/2000\/svg\" height=\"1.5em\" viewbox=\"0 0 24 24\" width=\"1.5em\" fill=\"currentColor\" class=\"vcex-toggle__icon-open\"><path d=\"M0 0h24v24H0V0z\" fill=\"none\"\/><path d=\"M19 13h-6v6h-2v-6H5v-2h6V5h2v6h6v2z\"\/><\/svg><\/div><div class=\"vcex-toggle__icon-close wpex-flex wpex-flex-col wpex-items-center\"><svg xmlns=\"http:\/\/www.w3.org\/2000\/svg\" height=\"1.5em\" viewbox=\"0 0 24 24\" width=\"1.5em\" fill=\"currentColor\" class=\"vcex-toggle__icon-close\"><path d=\"M0 0h24v24H0V0z\" fill=\"none\"\/><path d=\"M19 13H5v-2h14v2z\"\/><\/svg><\/div><\/div><h3 class=\"vcex-toggle__title\">\u00bfQu\u00e9 documentaci\u00f3n pide la aseguradora para tramitar la baja?<\/h3><\/a><\/div><div id=\"qu-documentacin-pide-la-aseguradora-para-tramitar-la-baja\" class=\"vcex-toggle__content wpex-clr wpex-last-mb-0 wpex-my-10\"><p>Normalmente basta con el parte m\u00e9dico de baja, el informe del diagn\u00f3stico y, en algunos casos, un documento de seguimiento si la baja se prolonga. La mayor\u00eda de aseguradoras permiten subir la documentaci\u00f3n desde su app o por correo electr\u00f3nico, por lo que la gesti\u00f3n suele ser r\u00e1pida. Si la baja es por accidente, pueden pedir un peque\u00f1o informe de lo ocurrido o parte de urgencias. La clave es aportar la documentaci\u00f3n de forma clara para evitar retrasos en el pago.<\/p>\n<\/div><\/div> <div class=\"vcex-toggle vcex-module\" data-animate=\"true\" data-duration=\"300\"><div class=\"vcex-toggle__heading\"><a href=\"#qu-pasa-si-la-aseguradora-rechaza-la-baja\" class=\"vcex-toggle__trigger wpex-transition-colors wpex-flex wpex-items-center wpex-gap-10\" aria-expanded=\"false\" aria-controls=\"qu-pasa-si-la-aseguradora-rechaza-la-baja\"><div class=\"vcex-toggle__icon wpex-flex wpex-items-center wpex-justify-center\" aria-hidden=\"true\"><div class=\"vcex-toggle__icon-open wpex-flex wpex-flex-col wpex-items-center\"><svg xmlns=\"http:\/\/www.w3.org\/2000\/svg\" height=\"1.5em\" viewbox=\"0 0 24 24\" width=\"1.5em\" fill=\"currentColor\" class=\"vcex-toggle__icon-open\"><path d=\"M0 0h24v24H0V0z\" fill=\"none\"\/><path d=\"M19 13h-6v6h-2v-6H5v-2h6V5h2v6h6v2z\"\/><\/svg><\/div><div class=\"vcex-toggle__icon-close wpex-flex wpex-flex-col wpex-items-center\"><svg xmlns=\"http:\/\/www.w3.org\/2000\/svg\" height=\"1.5em\" viewbox=\"0 0 24 24\" width=\"1.5em\" fill=\"currentColor\" class=\"vcex-toggle__icon-close\"><path d=\"M0 0h24v24H0V0z\" fill=\"none\"\/><path d=\"M19 13H5v-2h14v2z\"\/><\/svg><\/div><\/div><h3 class=\"vcex-toggle__title\">\u00bfQu\u00e9 pasa si la aseguradora rechaza la baja?<\/h3><\/a><\/div><div id=\"qu-pasa-si-la-aseguradora-rechaza-la-baja\" class=\"vcex-toggle__content wpex-clr wpex-last-mb-0 wpex-my-10\"><p>Si la aseguradora considera que la baja no est\u00e1 suficientemente justificada o detecta que la enfermedad podr\u00eda ser previa a la contrataci\u00f3n, puede solicitar m\u00e1s documentaci\u00f3n. En caso de desacuerdo, puedes pedir una segunda valoraci\u00f3n m\u00e9dica o una revisi\u00f3n interna de la aseguradora. En la mayor\u00eda de casos, si la baja est\u00e1 correctamente documentada, el proceso se resuelve favorablemente. Por eso es importante revisar bien las condiciones y las exclusiones antes de contratar la p\u00f3liza.<\/p>\n<\/div><\/div> <div class=\"vcex-toggle vcex-module\" data-animate=\"true\" data-duration=\"300\"><div class=\"vcex-toggle__heading\"><a href=\"#un-autnomo-puede-contratar-este-seguro-aunque-tenga-enfermedades-previas\" class=\"vcex-toggle__trigger wpex-transition-colors wpex-flex wpex-items-center wpex-gap-10\" aria-expanded=\"false\" aria-controls=\"un-autnomo-puede-contratar-este-seguro-aunque-tenga-enfermedades-previas\"><div class=\"vcex-toggle__icon wpex-flex wpex-items-center wpex-justify-center\" aria-hidden=\"true\"><div class=\"vcex-toggle__icon-open wpex-flex wpex-flex-col wpex-items-center\"><svg xmlns=\"http:\/\/www.w3.org\/2000\/svg\" height=\"1.5em\" viewbox=\"0 0 24 24\" width=\"1.5em\" fill=\"currentColor\" class=\"vcex-toggle__icon-open\"><path d=\"M0 0h24v24H0V0z\" fill=\"none\"\/><path d=\"M19 13h-6v6h-2v-6H5v-2h6V5h2v6h6v2z\"\/><\/svg><\/div><div class=\"vcex-toggle__icon-close wpex-flex wpex-flex-col wpex-items-center\"><svg xmlns=\"http:\/\/www.w3.org\/2000\/svg\" height=\"1.5em\" viewbox=\"0 0 24 24\" width=\"1.5em\" fill=\"currentColor\" class=\"vcex-toggle__icon-close\"><path d=\"M0 0h24v24H0V0z\" fill=\"none\"\/><path d=\"M19 13H5v-2h14v2z\"\/><\/svg><\/div><\/div><h3 class=\"vcex-toggle__title\">\u00bfUn aut\u00f3nomo puede contratar este seguro aunque tenga enfermedades previas?<\/h3><\/a><\/div><div id=\"un-autnomo-puede-contratar-este-seguro-aunque-tenga-enfermedades-previas\" class=\"vcex-toggle__content wpex-clr wpex-last-mb-0 wpex-my-10\"><p>S\u00ed, aunque depende de cada caso. Algunas aseguradoras permiten contratarlo con exclusiones espec\u00edficas: por ejemplo, te cubren todas las enfermedades menos aquella cr\u00f3nica o previa. Otras pueden aplicar una carencia m\u00e1s larga. En cualquier caso, es mejor declarar todo en el cuestionario de salud para evitar problemas posteriores. Tener una enfermedad cr\u00f3nica no impide contratar un ILT, pero puede modificar la cobertura.<\/p>\n<\/div><\/div> <div class=\"vcex-toggle vcex-module\" data-animate=\"true\" data-duration=\"300\"><div class=\"vcex-toggle__heading\"><a href=\"#merece-la-pena-contratar-un-seguro-de-baja-laboral-si-ya-pago-mi-cuota-de-autnomos\" class=\"vcex-toggle__trigger wpex-transition-colors wpex-flex wpex-items-center wpex-gap-10\" aria-expanded=\"false\" aria-controls=\"merece-la-pena-contratar-un-seguro-de-baja-laboral-si-ya-pago-mi-cuota-de-autnomos\"><div class=\"vcex-toggle__icon wpex-flex wpex-items-center wpex-justify-center\" aria-hidden=\"true\"><div class=\"vcex-toggle__icon-open wpex-flex wpex-flex-col wpex-items-center\"><svg xmlns=\"http:\/\/www.w3.org\/2000\/svg\" height=\"1.5em\" viewbox=\"0 0 24 24\" width=\"1.5em\" fill=\"currentColor\" class=\"vcex-toggle__icon-open\"><path d=\"M0 0h24v24H0V0z\" fill=\"none\"\/><path d=\"M19 13h-6v6h-2v-6H5v-2h6V5h2v6h6v2z\"\/><\/svg><\/div><div class=\"vcex-toggle__icon-close wpex-flex wpex-flex-col wpex-items-center\"><svg xmlns=\"http:\/\/www.w3.org\/2000\/svg\" height=\"1.5em\" viewbox=\"0 0 24 24\" width=\"1.5em\" fill=\"currentColor\" class=\"vcex-toggle__icon-close\"><path d=\"M0 0h24v24H0V0z\" fill=\"none\"\/><path d=\"M19 13H5v-2h14v2z\"\/><\/svg><\/div><\/div><h3 class=\"vcex-toggle__title\">\u00bfMerece la pena contratar un seguro de baja laboral si ya pago mi cuota de aut\u00f3nomos?<\/h3><\/a><\/div><div id=\"merece-la-pena-contratar-un-seguro-de-baja-laboral-si-ya-pago-mi-cuota-de-autnomos\" class=\"vcex-toggle__content wpex-clr wpex-last-mb-0 wpex-my-10\"><p>En la mayor\u00eda de casos s\u00ed, porque la prestaci\u00f3n p\u00fablica es limitada y tarda en llegar. Adem\u00e1s, los aut\u00f3nomos siguen teniendo que asumir sus cuotas, el alquiler del local, suministros y otros gastos fijos incluso cuando no pueden trabajar. Un seguro privado garantiza liquidez desde el inicio de la baja y evita que una enfermedad com\u00fan condicione la estabilidad del negocio. Es una medida de protecci\u00f3n relativamente econ\u00f3mica y muy valorada entre profesionales por cuenta propia.<\/p>\n<\/div><\/div><\/div><\/div><\/div><\/div><\/div>\n<\/div>","protected":false},"excerpt":{"rendered":"Un aut\u00f3nomo cobra entre un 60% y un 75% de su base reguladora cuando est\u00e1 de baja m\u00e9dica, un importe que suele quedarse corto para cubrir gastos y mantener ingresos. Por eso muchos profesionales contratan un seguro de incapacidad laboral temporal (ILT) que garantiza una renta diaria durante el tiempo que no pueden trabajar. En&hellip;","protected":false},"author":2,"featured_media":5405,"comment_status":"open","ping_status":"open","sticky":false,"template":"","format":"standard","meta":{"footnotes":""},"categories":[183],"tags":[],"post_series":[],"class_list":["post-5394","post","type-post","status-publish","format-standard","has-post-thumbnail","hentry","category-seguro-autonomos","entry","has-media"],"yoast_head":"<!-- This site is optimized with the Yoast SEO plugin v27.1.1 - https:\/\/yoast.com\/product\/yoast-seo-wordpress\/ -->\n<title>Baja M\u00e9dica en Aut\u00f3nomos: Qu\u00e9 cubre y Cu\u00e1nto se cobra | Asegurances Castellar<\/title>\n<meta name=\"robots\" content=\"index, follow, max-snippet:-1, max-image-preview:large, max-video-preview:-1\" \/>\n<link rel=\"canonical\" href=\"https:\/\/assegurancescastellar.com\/ca\/blog\/baixa-medica-autonoms\/\" \/>\n<meta property=\"og:locale\" content=\"ca_ES\" \/>\n<meta property=\"og:type\" content=\"article\" \/>\n<meta property=\"og:title\" content=\"Baja M\u00e9dica en Aut\u00f3nomos: Qu\u00e9 cubre y Cu\u00e1nto se cobra | Asegurances Castellar\" \/>\n<meta property=\"og:url\" content=\"https:\/\/assegurancescastellar.com\/ca\/blog\/baixa-medica-autonoms\/\" \/>\n<meta property=\"og:site_name\" content=\"Asegurances Castellar\" \/>\n<meta property=\"article:publisher\" content=\"https:\/\/www.facebook.com\/AssegurancesCastellar\/\" \/>\n<meta property=\"article:published_time\" content=\"2025-12-07T20:35:15+00:00\" \/>\n<meta property=\"article:modified_time\" content=\"2025-12-21T18:33:37+00:00\" \/>\n<meta property=\"og:image\" content=\"https:\/\/assegurancescastellar.com\/wp-content\/uploads\/2025\/12\/seguro-baja-laboral-autonomo-precio.jpg\" \/>\n\t<meta property=\"og:image:width\" content=\"1600\" \/>\n\t<meta property=\"og:image:height\" content=\"1067\" \/>\n\t<meta property=\"og:image:type\" content=\"image\/jpeg\" \/>\n<meta name=\"author\" content=\"Assegurances Castellar\" \/>\n<meta name=\"twitter:card\" content=\"summary_large_image\" \/>\n<meta name=\"twitter:label1\" content=\"Escrit per\" \/>\n\t<meta name=\"twitter:data1\" content=\"Assegurances Castellar\" \/>\n\t<meta name=\"twitter:label2\" content=\"Temps estimat de lectura\" \/>\n\t<meta name=\"twitter:data2\" content=\"13 minuts\" \/>\n<script type=\"application\/ld+json\" class=\"yoast-schema-graph\">{\"@context\":\"https:\/\/schema.org\",\"@graph\":[{\"@type\":\"Article\",\"@id\":\"https:\/\/assegurancescastellar.com\/blog\/baja-medica-autonomos\/#article\",\"isPartOf\":{\"@id\":\"https:\/\/assegurancescastellar.com\/blog\/baja-medica-autonomos\/\"},\"author\":{\"name\":\"Assegurances Castellar\",\"@id\":\"https:\/\/orchid-salamander-599117.hostingersite.com\/#\/schema\/person\/2f209736818ebcb5b280ef11e44a1fb7\"},\"headline\":\"Baja M\u00e9dica en Aut\u00f3nomos: Qu\u00e9 cubre y Cu\u00e1nto se cobra\",\"datePublished\":\"2025-12-07T20:35:15+00:00\",\"dateModified\":\"2025-12-21T18:33:37+00:00\",\"mainEntityOfPage\":{\"@id\":\"https:\/\/assegurancescastellar.com\/blog\/baja-medica-autonomos\/\"},\"wordCount\":2562,\"commentCount\":0,\"publisher\":{\"@id\":\"https:\/\/orchid-salamander-599117.hostingersite.com\/#organization\"},\"image\":{\"@id\":\"https:\/\/assegurancescastellar.com\/blog\/baja-medica-autonomos\/#primaryimage\"},\"thumbnailUrl\":\"https:\/\/assegurancescastellar.com\/wp-content\/uploads\/2025\/12\/seguro-baja-laboral-autonomo-precio.jpg\",\"articleSection\":[\"Seguro Autonomos\"],\"inLanguage\":\"ca\",\"potentialAction\":[{\"@type\":\"CommentAction\",\"name\":\"Comment\",\"target\":[\"https:\/\/assegurancescastellar.com\/blog\/baja-medica-autonomos\/#respond\"]}]},{\"@type\":\"WebPage\",\"@id\":\"https:\/\/assegurancescastellar.com\/blog\/baja-medica-autonomos\/\",\"url\":\"https:\/\/assegurancescastellar.com\/blog\/baja-medica-autonomos\/\",\"name\":\"Baja M\u00e9dica en Aut\u00f3nomos: Qu\u00e9 cubre y Cu\u00e1nto se cobra | Asegurances Castellar\",\"isPartOf\":{\"@id\":\"https:\/\/orchid-salamander-599117.hostingersite.com\/#website\"},\"primaryImageOfPage\":{\"@id\":\"https:\/\/assegurancescastellar.com\/blog\/baja-medica-autonomos\/#primaryimage\"},\"image\":{\"@id\":\"https:\/\/assegurancescastellar.com\/blog\/baja-medica-autonomos\/#primaryimage\"},\"thumbnailUrl\":\"https:\/\/assegurancescastellar.com\/wp-content\/uploads\/2025\/12\/seguro-baja-laboral-autonomo-precio.jpg\",\"datePublished\":\"2025-12-07T20:35:15+00:00\",\"dateModified\":\"2025-12-21T18:33:37+00:00\",\"breadcrumb\":{\"@id\":\"https:\/\/assegurancescastellar.com\/blog\/baja-medica-autonomos\/#breadcrumb\"},\"inLanguage\":\"ca\",\"potentialAction\":[{\"@type\":\"ReadAction\",\"target\":[\"https:\/\/assegurancescastellar.com\/blog\/baja-medica-autonomos\/\"]}]},{\"@type\":\"ImageObject\",\"inLanguage\":\"ca\",\"@id\":\"https:\/\/assegurancescastellar.com\/blog\/baja-medica-autonomos\/#primaryimage\",\"url\":\"https:\/\/assegurancescastellar.com\/wp-content\/uploads\/2025\/12\/seguro-baja-laboral-autonomo-precio.jpg\",\"contentUrl\":\"https:\/\/assegurancescastellar.com\/wp-content\/uploads\/2025\/12\/seguro-baja-laboral-autonomo-precio.jpg\",\"width\":1600,\"height\":1067,\"caption\":\"seguro baja laboral autonomo precio\"},{\"@type\":\"BreadcrumbList\",\"@id\":\"https:\/\/assegurancescastellar.com\/blog\/baja-medica-autonomos\/#breadcrumb\",\"itemListElement\":[{\"@type\":\"ListItem\",\"position\":1,\"name\":\"Portada\",\"item\":\"https:\/\/assegurancescastellar.com\/\"},{\"@type\":\"ListItem\",\"position\":2,\"name\":\"Baja M\u00e9dica en Aut\u00f3nomos: Qu\u00e9 cubre y Cu\u00e1nto&hellip;\"}]},{\"@type\":\"WebSite\",\"@id\":\"https:\/\/orchid-salamander-599117.hostingersite.com\/#website\",\"url\":\"https:\/\/orchid-salamander-599117.hostingersite.com\/\",\"name\":\"Assegurances Castellar\",\"description\":\"Agencia de Seguros para Empresas y Particulares\",\"publisher\":{\"@id\":\"https:\/\/orchid-salamander-599117.hostingersite.com\/#organization\"},\"alternateName\":\"Assegurances Castellar\",\"potentialAction\":[{\"@type\":\"SearchAction\",\"target\":{\"@type\":\"EntryPoint\",\"urlTemplate\":\"https:\/\/orchid-salamander-599117.hostingersite.com\/?s={search_term_string}\"},\"query-input\":{\"@type\":\"PropertyValueSpecification\",\"valueRequired\":true,\"valueName\":\"search_term_string\"}}],\"inLanguage\":\"ca\"},{\"@type\":\"Organization\",\"@id\":\"https:\/\/orchid-salamander-599117.hostingersite.com\/#organization\",\"name\":\"Assegurances Castellar\",\"alternateName\":\"Assegurances Castellar\",\"url\":\"https:\/\/orchid-salamander-599117.hostingersite.com\/\",\"logo\":{\"@type\":\"ImageObject\",\"inLanguage\":\"ca\",\"@id\":\"https:\/\/orchid-salamander-599117.hostingersite.com\/#\/schema\/logo\/image\/\",\"url\":\"https:\/\/assegurancescastellar.com\/wp-content\/uploads\/2026\/01\/logo-AC.png\",\"contentUrl\":\"https:\/\/assegurancescastellar.com\/wp-content\/uploads\/2026\/01\/logo-AC.png\",\"width\":512,\"height\":512,\"caption\":\"Assegurances Castellar\"},\"image\":{\"@id\":\"https:\/\/orchid-salamander-599117.hostingersite.com\/#\/schema\/logo\/image\/\"},\"sameAs\":[\"https:\/\/www.facebook.com\/AssegurancesCastellar\/\",\"https:\/\/www.instagram.com\/assegurances.castellar\/\"]},{\"@type\":\"Person\",\"@id\":\"https:\/\/orchid-salamander-599117.hostingersite.com\/#\/schema\/person\/2f209736818ebcb5b280ef11e44a1fb7\",\"name\":\"Assegurances Castellar\",\"image\":{\"@type\":\"ImageObject\",\"inLanguage\":\"ca\",\"@id\":\"https:\/\/orchid-salamander-599117.hostingersite.com\/#\/schema\/person\/image\/\",\"url\":\"https:\/\/secure.gravatar.com\/avatar\/19ca78d312c359835d78a966a76237b85121f45e6b0b93a75810baae80117fc2?s=96&d=mm&r=g\",\"contentUrl\":\"https:\/\/secure.gravatar.com\/avatar\/19ca78d312c359835d78a966a76237b85121f45e6b0b93a75810baae80117fc2?s=96&d=mm&r=g\",\"caption\":\"Assegurances Castellar\"},\"sameAs\":[\"http:\/\/www.assegurancescastellar.com\"],\"url\":\"https:\/\/assegurancescastellar.com\/ca\/blog\/author\/assegurances-castellar\/\"}]}<\/script>\n<!-- \/ Yoast SEO plugin. -->","yoast_head_json":{"title":"Baja M\u00e9dica en Aut\u00f3nomos: Qu\u00e9 cubre y Cu\u00e1nto se cobra | Asegurances Castellar","robots":{"index":"index","follow":"follow","max-snippet":"max-snippet:-1","max-image-preview":"max-image-preview:large","max-video-preview":"max-video-preview:-1"},"canonical":"https:\/\/assegurancescastellar.com\/ca\/blog\/baixa-medica-autonoms\/","og_locale":"ca_ES","og_type":"article","og_title":"Baja M\u00e9dica en Aut\u00f3nomos: Qu\u00e9 cubre y Cu\u00e1nto se cobra | Asegurances Castellar","og_url":"https:\/\/assegurancescastellar.com\/ca\/blog\/baixa-medica-autonoms\/","og_site_name":"Asegurances Castellar","article_publisher":"https:\/\/www.facebook.com\/AssegurancesCastellar\/","article_published_time":"2025-12-07T20:35:15+00:00","article_modified_time":"2025-12-21T18:33:37+00:00","og_image":[{"width":1600,"height":1067,"url":"https:\/\/assegurancescastellar.com\/wp-content\/uploads\/2025\/12\/seguro-baja-laboral-autonomo-precio.jpg","type":"image\/jpeg"}],"author":"Assegurances Castellar","twitter_card":"summary_large_image","twitter_misc":{"Escrit per":"Assegurances Castellar","Temps estimat de lectura":"13 minuts"},"schema":{"@context":"https:\/\/schema.org","@graph":[{"@type":"Article","@id":"https:\/\/assegurancescastellar.com\/blog\/baja-medica-autonomos\/#article","isPartOf":{"@id":"https:\/\/assegurancescastellar.com\/blog\/baja-medica-autonomos\/"},"author":{"name":"Assegurances Castellar","@id":"https:\/\/orchid-salamander-599117.hostingersite.com\/#\/schema\/person\/2f209736818ebcb5b280ef11e44a1fb7"},"headline":"Baja M\u00e9dica en Aut\u00f3nomos: Qu\u00e9 cubre y Cu\u00e1nto se cobra","datePublished":"2025-12-07T20:35:15+00:00","dateModified":"2025-12-21T18:33:37+00:00","mainEntityOfPage":{"@id":"https:\/\/assegurancescastellar.com\/blog\/baja-medica-autonomos\/"},"wordCount":2562,"commentCount":0,"publisher":{"@id":"https:\/\/orchid-salamander-599117.hostingersite.com\/#organization"},"image":{"@id":"https:\/\/assegurancescastellar.com\/blog\/baja-medica-autonomos\/#primaryimage"},"thumbnailUrl":"https:\/\/assegurancescastellar.com\/wp-content\/uploads\/2025\/12\/seguro-baja-laboral-autonomo-precio.jpg","articleSection":["Seguro Autonomos"],"inLanguage":"ca","potentialAction":[{"@type":"CommentAction","name":"Comment","target":["https:\/\/assegurancescastellar.com\/blog\/baja-medica-autonomos\/#respond"]}]},{"@type":"WebPage","@id":"https:\/\/assegurancescastellar.com\/blog\/baja-medica-autonomos\/","url":"https:\/\/assegurancescastellar.com\/blog\/baja-medica-autonomos\/","name":"Baja M\u00e9dica en Aut\u00f3nomos: Qu\u00e9 cubre y Cu\u00e1nto se cobra | Asegurances Castellar","isPartOf":{"@id":"https:\/\/orchid-salamander-599117.hostingersite.com\/#website"},"primaryImageOfPage":{"@id":"https:\/\/assegurancescastellar.com\/blog\/baja-medica-autonomos\/#primaryimage"},"image":{"@id":"https:\/\/assegurancescastellar.com\/blog\/baja-medica-autonomos\/#primaryimage"},"thumbnailUrl":"https:\/\/assegurancescastellar.com\/wp-content\/uploads\/2025\/12\/seguro-baja-laboral-autonomo-precio.jpg","datePublished":"2025-12-07T20:35:15+00:00","dateModified":"2025-12-21T18:33:37+00:00","breadcrumb":{"@id":"https:\/\/assegurancescastellar.com\/blog\/baja-medica-autonomos\/#breadcrumb"},"inLanguage":"ca","potentialAction":[{"@type":"ReadAction","target":["https:\/\/assegurancescastellar.com\/blog\/baja-medica-autonomos\/"]}]},{"@type":"ImageObject","inLanguage":"ca","@id":"https:\/\/assegurancescastellar.com\/blog\/baja-medica-autonomos\/#primaryimage","url":"https:\/\/assegurancescastellar.com\/wp-content\/uploads\/2025\/12\/seguro-baja-laboral-autonomo-precio.jpg","contentUrl":"https:\/\/assegurancescastellar.com\/wp-content\/uploads\/2025\/12\/seguro-baja-laboral-autonomo-precio.jpg","width":1600,"height":1067,"caption":"seguro baja laboral autonomo precio"},{"@type":"BreadcrumbList","@id":"https:\/\/assegurancescastellar.com\/blog\/baja-medica-autonomos\/#breadcrumb","itemListElement":[{"@type":"ListItem","position":1,"name":"Portada","item":"https:\/\/assegurancescastellar.com\/"},{"@type":"ListItem","position":2,"name":"Baja M\u00e9dica en Aut\u00f3nomos: Qu\u00e9 cubre y Cu\u00e1nto&hellip;"}]},{"@type":"WebSite","@id":"https:\/\/orchid-salamander-599117.hostingersite.com\/#website","url":"https:\/\/orchid-salamander-599117.hostingersite.com\/","name":"Assegurances Castellar","description":"Agencia de Seguros para Empresas y Particulares","publisher":{"@id":"https:\/\/orchid-salamander-599117.hostingersite.com\/#organization"},"alternateName":"Assegurances Castellar","potentialAction":[{"@type":"SearchAction","target":{"@type":"EntryPoint","urlTemplate":"https:\/\/orchid-salamander-599117.hostingersite.com\/?s={search_term_string}"},"query-input":{"@type":"PropertyValueSpecification","valueRequired":true,"valueName":"search_term_string"}}],"inLanguage":"ca"},{"@type":"Organization","@id":"https:\/\/orchid-salamander-599117.hostingersite.com\/#organization","name":"Assegurances Castellar","alternateName":"Assegurances Castellar","url":"https:\/\/orchid-salamander-599117.hostingersite.com\/","logo":{"@type":"ImageObject","inLanguage":"ca","@id":"https:\/\/orchid-salamander-599117.hostingersite.com\/#\/schema\/logo\/image\/","url":"https:\/\/assegurancescastellar.com\/wp-content\/uploads\/2026\/01\/logo-AC.png","contentUrl":"https:\/\/assegurancescastellar.com\/wp-content\/uploads\/2026\/01\/logo-AC.png","width":512,"height":512,"caption":"Assegurances Castellar"},"image":{"@id":"https:\/\/orchid-salamander-599117.hostingersite.com\/#\/schema\/logo\/image\/"},"sameAs":["https:\/\/www.facebook.com\/AssegurancesCastellar\/","https:\/\/www.instagram.com\/assegurances.castellar\/"]},{"@type":"Person","@id":"https:\/\/orchid-salamander-599117.hostingersite.com\/#\/schema\/person\/2f209736818ebcb5b280ef11e44a1fb7","name":"Assegurances Castellar","image":{"@type":"ImageObject","inLanguage":"ca","@id":"https:\/\/orchid-salamander-599117.hostingersite.com\/#\/schema\/person\/image\/","url":"https:\/\/secure.gravatar.com\/avatar\/19ca78d312c359835d78a966a76237b85121f45e6b0b93a75810baae80117fc2?s=96&d=mm&r=g","contentUrl":"https:\/\/secure.gravatar.com\/avatar\/19ca78d312c359835d78a966a76237b85121f45e6b0b93a75810baae80117fc2?s=96&d=mm&r=g","caption":"Assegurances Castellar"},"sameAs":["http:\/\/www.assegurancescastellar.com"],"url":"https:\/\/assegurancescastellar.com\/ca\/blog\/author\/assegurances-castellar\/"}]}},"_links":{"self":[{"href":"https:\/\/assegurancescastellar.com\/ca\/wp-json\/wp\/v2\/posts\/5394","targetHints":{"allow":["GET"]}}],"collection":[{"href":"https:\/\/assegurancescastellar.com\/ca\/wp-json\/wp\/v2\/posts"}],"about":[{"href":"https:\/\/assegurancescastellar.com\/ca\/wp-json\/wp\/v2\/types\/post"}],"author":[{"embeddable":true,"href":"https:\/\/assegurancescastellar.com\/ca\/wp-json\/wp\/v2\/users\/2"}],"replies":[{"embeddable":true,"href":"https:\/\/assegurancescastellar.com\/ca\/wp-json\/wp\/v2\/comments?post=5394"}],"version-history":[{"count":0,"href":"https:\/\/assegurancescastellar.com\/ca\/wp-json\/wp\/v2\/posts\/5394\/revisions"}],"wp:featuredmedia":[{"embeddable":true,"href":"https:\/\/assegurancescastellar.com\/ca\/wp-json\/wp\/v2\/media\/5405"}],"wp:attachment":[{"href":"https:\/\/assegurancescastellar.com\/ca\/wp-json\/wp\/v2\/media?parent=5394"}],"wp:term":[{"taxonomy":"category","embeddable":true,"href":"https:\/\/assegurancescastellar.com\/ca\/wp-json\/wp\/v2\/categories?post=5394"},{"taxonomy":"post_tag","embeddable":true,"href":"https:\/\/assegurancescastellar.com\/ca\/wp-json\/wp\/v2\/tags?post=5394"},{"taxonomy":"post_series","embeddable":true,"href":"https:\/\/assegurancescastellar.com\/ca\/wp-json\/wp\/v2\/post_series?post=5394"}],"curies":[{"name":"wp","href":"https:\/\/api.w.org\/{rel}","templated":true}]}}